{"id":36300,"date":"2026-05-01T20:34:00","date_gmt":"2026-05-01T20:34:00","guid":{"rendered":"https:\/\/drfuturo.com\/0eefcd5b-6d5c-4a18-9c91-1c8be4228644\/"},"modified":"2026-05-01T20:34:13","modified_gmt":"2026-05-01T20:34:13","slug":"0eefcd5b-6d5c-4a18-9c91-1c8be4228644","status":"publish","type":"post","link":"https:\/\/drfuturo.com\/pt\/0eefcd5b-6d5c-4a18-9c91-1c8be4228644\/","title":{"rendered":"Vaga Coordenador de Loja Burger King: sal\u00e1rio a combinar, efetivo, presencial"},"content":{"rendered":"<\/p>\n<\/p>\n<div style=\"background: #ffffff; border-radius: 12px; box-shadow: 0 10px 30px rgba(0, 0, 0, 0.1); width: 100%; max-width: 340px; padding: 25px; transition: transform 0.3s ease-in-out; overflow: visible; display: flex; flex-direction: column; position: relative; border: 1px solid #28a745; margin-top: 70px; margin-bottom: 50px; margin-left: auto; margin-right: auto;\">\n<div style=\"position: absolute; top: -35px; right: 15px; color: #28a745; padding: 5px 10px; border-radius: 6px; font-size: 14px; font-weight: bold; display: flex; align-items: center; z-index: 10;\">Recomendado para voc\u00ea<\/div>\n<div data-namespace-header=\"\" style=\"\">\n<h3 data-namespace-title=\"\" style=\"color: #333; font-size: 20px; font-weight: bold; text-align: left; margin-right: 50px; min-height: 50px; margin-top: 0px;\">Coordenador de Loja<\/h3>\n<\/p><\/div>\n<p data-namespace-prompt=\"\" style=\"font-size: 16px; color: #666; margin-bottom: 20px; line-height: 1.5; flex-grow: 1; text-align: left; margin-top: 0px;\">Atue coordenando equipe, mantendo padr\u00e3o de atendimento, organizando opera\u00e7\u00f5es, com benef\u00edcios e possibilidade de crescimento. Requisitos: experi\u00eancia em fast food e ensino m\u00e9dio completo.<\/p>\n<p>    <a data-namespace-url=\"\" href=\"https:\/\/drfuturo.com\/pt\/redirect\/?https:\/\/www.bne.com.br\/vaga-de-emprego-na-area-comercio-em-manaus-am\/coordenador-de-loja\/4059848?utm_campaign=google_jobs_apply&#038;utm_source=google_jobs_apply&#038;utm_medium=organic\" style=\"width: 100%; display: inline-block; color: white; text-decoration: none; border-radius: 6px; font-size: 16px; font-weight: bold; text-align: center; transition: transform 0.3s ease, background 0.3s ease; margin-top: auto;\" data-namespace-id=\"5c0d2565-3ba9-4280-a382-ad2a691e2285\"><br \/>\n        <button style=\"width: 100%; height: 55px; background: #e9e9ed; border: 1px solid black; color: black;\">Candidatar-se \u00e0 vaga<\/button><br \/>\n    <\/a><br \/>\n    <small style=\"margin-top: 10px; color: #777; font-size: 12px; text-align: center; display: block;\">Voc\u00ea ser\u00e1 redirecionado para outro site<\/small>\n<\/div>\n<p>Para voc\u00ea que busca crescimento profissional, a vaga de Coordenador de Loja no Burger King chega com \u00f3timas oportunidades. O sal\u00e1rio \u00e9 a combinar, e o contrato \u00e9 do tipo efetivo, garantindo maior estabilidade no emprego. Ainda mais, a atua\u00e7\u00e3o \u00e9 presencial, o que favorece uma imers\u00e3o completa no cotidiano da equipe e fortalece sua experi\u00eancia pr\u00e1tica no ramo aliment\u00edcio.<\/p>\n<p>O Burger King est\u00e1 em busca de um profissional com experi\u00eancia em restaurantes ou fast food e que j\u00e1 tenha atuado na supervis\u00e3o ou gerenciamento de equipes. A exig\u00eancia m\u00ednima para o cargo \u00e9 ter ensino m\u00e9dio completo, ou seja, \u00e9 uma chance para quem j\u00e1 est\u00e1 pronto para dar um novo passo na carreira, assumindo lideran\u00e7a e responsabilidades na opera\u00e7\u00e3o do restaurante.<\/p>\n<h3>Principais responsabilidades do dia a dia<\/h3>\n<p>O Coordenador de Loja atua auxiliando nas opera\u00e7\u00f5es do restaurante, garantindo o cumprimento dos padr\u00f5es de atendimento, fomentando o trabalho em equipe e promovendo bom relacionamento entre colaboradores. Ele tamb\u00e9m realiza o acompanhamento do desempenho dos funcion\u00e1rios e orienta sobre metas e processos internos. \u00c9 fun\u00e7\u00e3o desse profissional apoiar no treinamento de novas contrata\u00e7\u00f5es, buscando sempre a melhoria cont\u00ednua dos resultados.<\/p>\n<p>Outra atividade essencial \u00e9 o apoio nas rotinas administrativas, como controle de estoque, escalas e fechamento de caixa. O Coordenador ainda precisa interagir com clientes, mediar conflitos, solucionar demandas di\u00e1rias e garantir a excel\u00eancia operacional da loja.<\/p>\n<h3>Principais vantagens da vaga<\/h3>\n<p>O primeiro destaque \u00e9 a oportunidade de desenvolver compet\u00eancias em lideran\u00e7a, comunica\u00e7\u00e3o e relacionamento interpessoal, fundamentais para o crescimento em cargos mais altos no futuro. Al\u00e9m disso, o ambiente do Burger King incentiva profissionais que desejam inovar, reconhecendo conquistas e abrindo portas internas para promo\u00e7\u00f5es.<\/p>\n<p>Outro benef\u00edcio importante \u00e9 a chance de trabalhar em uma empresa consolidada no setor, o que pode contar pontos positivos no seu curr\u00edculo e ampliar sua rede de contatos profissionais.<\/p>\n<h3>Desvantagens a considerar<\/h3>\n<p>Um dos desafios do cargo \u00e9 lidar com press\u00e3o constante por resultados, sobretudo nos hor\u00e1rios de pico de movimento. A rotina pode envolver jornadas extensas e necessidade de flexibilidade nos hor\u00e1rios, o que pode exigir maior adapta\u00e7\u00e3o do profissional.<\/p>\n<p>Ademais, o ambiente de fast food demanda alta energia, agilidade em decis\u00f5es e resili\u00eancia para administrar conflitos cotidianos entre equipe e clientes.<\/p>\n<h3>Veredito final<\/h3>\n<p>Recomendo a posi\u00e7\u00e3o de Coordenador de Loja para quem busca crescimento r\u00e1pido e desenvolvimento em lideran\u00e7a dentro do segmento aliment\u00edcio. Os desafios s\u00e3o reais, mas a experi\u00eancia adquirida ser\u00e1 um diferencial competitivo para sua carreira futura. Se deseja se destacar no mercado e construir uma trajet\u00f3ria em grandes empresas, esta vaga tem excelente potencial para voc\u00ea.<\/p>\n<div style=\"background: #ffffff; border-radius: 12px; box-shadow: 0 10px 30px rgba(0, 0, 0, 0.1); width: 100%; max-width: 340px; padding: 25px; transition: transform 0.3s ease-in-out; overflow: visible; display: flex; flex-direction: column; position: relative; border: 1px solid #28a745; margin-top: 70px; margin-bottom: 50px; margin-left: auto; margin-right: auto;\">\n<div style=\"position: absolute; top: -35px; right: 15px; color: #28a745; padding: 5px 10px; border-radius: 6px; font-size: 14px; font-weight: bold; display: flex; align-items: center; z-index: 10;\">Recomendado para voc\u00ea<\/div>\n<div data-namespace-header=\"\" style=\"\">\n<h3 data-namespace-title=\"\" style=\"color: #333; font-size: 20px; font-weight: bold; text-align: left; margin-right: 50px; min-height: 50px; margin-top: 0px;\">Coordenador de Loja<\/h3>\n<\/p><\/div>\n<p data-namespace-prompt=\"\" style=\"font-size: 16px; color: #666; margin-bottom: 20px; line-height: 1.5; flex-grow: 1; text-align: left; margin-top: 0px;\">Atue coordenando equipe, mantendo padr\u00e3o de atendimento, organizando opera\u00e7\u00f5es, com benef\u00edcios e possibilidade de crescimento. Requisitos: experi\u00eancia em fast food e ensino m\u00e9dio completo.<\/p>\n<p>    <a data-namespace-url=\"\" href=\"https:\/\/drfuturo.com\/pt\/redirect\/?https:\/\/www.bne.com.br\/vaga-de-emprego-na-area-comercio-em-manaus-am\/coordenador-de-loja\/4059848?utm_campaign=google_jobs_apply&#038;utm_source=google_jobs_apply&#038;utm_medium=organic\" style=\"width: 100%; display: inline-block; color: white; text-decoration: none; border-radius: 6px; font-size: 16px; font-weight: bold; text-align: center; transition: transform 0.3s ease, background 0.3s ease; margin-top: auto;\" data-namespace-id=\"5c0d2565-3ba9-4280-a382-ad2a691e2285\"><br \/>\n        <button style=\"width: 100%; height: 55px; background: #e9e9ed; border: 1px solid black; color: black;\">Candidatar-se \u00e0 vaga<\/button><br \/>\n    <\/a><br \/>\n    <small style=\"margin-top: 10px; color: #777; font-size: 12px; text-align: center; display: block;\">Voc\u00ea ser\u00e1 redirecionado para outro site<\/small>\n<\/div>","protected":false},"excerpt":{"rendered":"<p>Avalie se a vaga Coordenador de Loja Burger King se encaixa no seu perfil profissional. Sal\u00e1rio a combinar, efetivo, oportunidades de crescimento e lideran\u00e7a.<\/p>","protected":false},"author":255,"featured_media":0,"comment_status":"open","ping_status":"open","sticky":false,"template":"","format":"standard","meta":{"_uag_custom_page_level_css":"","site-sidebar-layout":"default","site-content-layout":"","ast-site-content-layout":"","site-content-style":"default","site-sidebar-style":"default","ast-global-header-display":"","ast-banner-title-visibility":"","ast-main-header-display":"","ast-hfb-above-header-display":"","ast-hfb-below-header-display":"","ast-hfb-mobile-header-display":"","site-post-title":"","ast-breadcrumbs-content":"","ast-featured-img":"","footer-sml-layout":"","theme-transparent-header-meta":"","adv-header-id-meta":"","stick-header-meta":"","header-above-stick-meta":"","header-main-stick-meta":"","header-below-stick-meta":"","astra-migrate-meta-layouts":"default","ast-page-background-enabled":"default","ast-page-background-meta":{"desktop":{"background-color":"var(--ast-global-color-4)","background-image":"","background-repeat":"repeat","background-position":"center center","background-size":"auto","background-attachment":"scroll","background-type":"","background-media":"","overlay-type":"","overlay-color":"","overlay-opacity":"","overlay-gradient":""},"tablet":{"background-color":"","background-image":"","background-repeat":"repeat","background-position":"center center","background-size":"auto","background-attachment":"scroll","background-type":"","background-media":"","overlay-type":"","overlay-color":"","overlay-opacity":"","overlay-gradient":""},"mobile":{"background-color":"","background-image":"","background-repeat":"repeat","background-position":"center center","background-size":"auto","background-attachment":"scroll","background-type":"","background-media":"","overlay-type":"","overlay-color":"","overlay-opacity":"","overlay-gradient":""}},"ast-content-background-meta":{"desktop":{"background-color":"var(--ast-global-color-5)","background-image":"","background-repeat":"repeat","background-position":"center center","background-size":"auto","background-attachment":"scroll","background-type":"","background-media":"","overlay-type":"","overlay-color":"","overlay-opacity":"","overlay-gradient":""},"tablet":{"background-color":"var(--ast-global-color-5)","background-image":"","background-repeat":"repeat","background-position":"center center","background-size":"auto","background-attachment":"scroll","background-type":"","background-media":"","overlay-type":"","overlay-color":"","overlay-opacity":"","overlay-gradient":""},"mobile":{"background-color":"var(--ast-global-color-5)","background-image":"","background-repeat":"repeat","background-position":"center center","background-size":"auto","background-attachment":"scroll","background-type":"","background-media":"","overlay-type":"","overlay-color":"","overlay-opacity":"","overlay-gradient":""}},"footnotes":""},"categories":[5],"tags":[],"yoast_head":"<!-- This site is optimized with the Yoast SEO plugin v23.3 - https:\/\/yoast.com\/wordpress\/plugins\/seo\/ -->\n<title>Vaga Coordenador de Loja Burger King: sal\u00e1rio a combinar, efetivo, presencial - DrFuturo<\/title>\n<meta name=\"robots\" content=\"index, follow, max-snippet:-1, max-image-preview:large, max-video-preview:-1\" \/>\n<link rel=\"canonical\" href=\"https:\/\/drfuturo.com\/pt\/0eefcd5b-6d5c-4a18-9c91-1c8be4228644\/\" \/>\n<meta property=\"og:locale\" content=\"pt_BR\" \/>\n<meta property=\"og:type\" content=\"article\" \/>\n<meta property=\"og:title\" content=\"Vaga Coordenador de Loja Burger King: sal\u00e1rio a combinar, efetivo, presencial - DrFuturo\" \/>\n<meta property=\"og:description\" content=\"Avalie se a vaga Coordenador de Loja Burger King se encaixa no seu perfil profissional. Sal\u00e1rio a combinar, efetivo, oportunidades de crescimento e lideran\u00e7a.\" \/>\n<meta property=\"og:url\" content=\"https:\/\/drfuturo.com\/pt\/0eefcd5b-6d5c-4a18-9c91-1c8be4228644\/\" \/>\n<meta property=\"og:site_name\" content=\"DrFuturo\" \/>\n<meta property=\"article:published_time\" content=\"2026-05-01T20:34:00+00:00\" \/>\n<meta property=\"article:modified_time\" content=\"2026-05-01T20:34:13+00:00\" \/>\n<meta name=\"author\" content=\"cristiobaldissera\" \/>\n<meta name=\"twitter:card\" content=\"summary_large_image\" \/>\n<meta name=\"twitter:label1\" content=\"Written by\" \/>\n\t<meta name=\"twitter:data1\" content=\"cristiobaldissera\" \/>\n\t<meta name=\"twitter:label2\" content=\"Est. reading time\" \/>\n\t<meta name=\"twitter:data2\" content=\"3 minutos\" \/>\n<script type=\"application\/ld+json\" class=\"yoast-schema-graph\">{\"@context\":\"https:\/\/schema.org\",\"@graph\":[{\"@type\":\"Article\",\"@id\":\"https:\/\/drfuturo.com\/0eefcd5b-6d5c-4a18-9c91-1c8be4228644\/#article\",\"isPartOf\":{\"@id\":\"https:\/\/drfuturo.com\/0eefcd5b-6d5c-4a18-9c91-1c8be4228644\/\"},\"author\":{\"name\":\"cristiobaldissera\",\"@id\":\"https:\/\/drfuturo.com\/#\/schema\/person\/68ec9ebf648d1fe001c9be39052246c9\"},\"headline\":\"Vaga Coordenador de Loja Burger King: sal\u00e1rio a combinar, efetivo, presencial\",\"datePublished\":\"2026-05-01T20:34:00+00:00\",\"dateModified\":\"2026-05-01T20:34:13+00:00\",\"mainEntityOfPage\":{\"@id\":\"https:\/\/drfuturo.com\/0eefcd5b-6d5c-4a18-9c91-1c8be4228644\/\"},\"wordCount\":558,\"commentCount\":0,\"publisher\":{\"@id\":\"https:\/\/drfuturo.com\/#organization\"},\"articleSection\":[\"Hidden\"],\"inLanguage\":\"pt-BR\",\"potentialAction\":[{\"@type\":\"CommentAction\",\"name\":\"Comment\",\"target\":[\"https:\/\/drfuturo.com\/0eefcd5b-6d5c-4a18-9c91-1c8be4228644\/#respond\"]}]},{\"@type\":\"WebPage\",\"@id\":\"https:\/\/drfuturo.com\/0eefcd5b-6d5c-4a18-9c91-1c8be4228644\/\",\"url\":\"https:\/\/drfuturo.com\/0eefcd5b-6d5c-4a18-9c91-1c8be4228644\/\",\"name\":\"Vaga Coordenador de Loja Burger King: sal\u00e1rio a combinar, efetivo, presencial - DrFuturo\",\"isPartOf\":{\"@id\":\"https:\/\/drfuturo.com\/#website\"},\"datePublished\":\"2026-05-01T20:34:00+00:00\",\"dateModified\":\"2026-05-01T20:34:13+00:00\",\"breadcrumb\":{\"@id\":\"https:\/\/drfuturo.com\/0eefcd5b-6d5c-4a18-9c91-1c8be4228644\/#breadcrumb\"},\"inLanguage\":\"pt-BR\",\"potentialAction\":[{\"@type\":\"ReadAction\",\"target\":[\"https:\/\/drfuturo.com\/0eefcd5b-6d5c-4a18-9c91-1c8be4228644\/\"]}]},{\"@type\":\"BreadcrumbList\",\"@id\":\"https:\/\/drfuturo.com\/0eefcd5b-6d5c-4a18-9c91-1c8be4228644\/#breadcrumb\",\"itemListElement\":[{\"@type\":\"ListItem\",\"position\":1,\"name\":\"Home\",\"item\":\"https:\/\/drfuturo.com\/\"},{\"@type\":\"ListItem\",\"position\":2,\"name\":\"Vaga Coordenador de Loja Burger King: sal\u00e1rio a combinar, efetivo, presencial\"}]},{\"@type\":\"WebSite\",\"@id\":\"https:\/\/drfuturo.com\/#website\",\"url\":\"https:\/\/drfuturo.com\/\",\"name\":\"DrFuturo\",\"description\":\"\",\"publisher\":{\"@id\":\"https:\/\/drfuturo.com\/#organization\"},\"potentialAction\":[{\"@type\":\"SearchAction\",\"target\":{\"@type\":\"EntryPoint\",\"urlTemplate\":\"https:\/\/drfuturo.com\/?s={search_term_string}\"},\"query-input\":\"required name=search_term_string\"}],\"inLanguage\":\"pt-BR\"},{\"@type\":\"Organization\",\"@id\":\"https:\/\/drfuturo.com\/#organization\",\"name\":\"DrFuturo\",\"url\":\"https:\/\/drfuturo.com\/\",\"logo\":{\"@type\":\"ImageObject\",\"inLanguage\":\"pt-BR\",\"@id\":\"https:\/\/drfuturo.com\/#\/schema\/logo\/image\/\",\"url\":\"https:\/\/drfuturo.com\/wp-content\/uploads\/sites\/397\/2025\/07\/Logodr-.svg\",\"contentUrl\":\"https:\/\/drfuturo.com\/wp-content\/uploads\/sites\/397\/2025\/07\/Logodr-.svg\",\"caption\":\"DrFuturo\"},\"image\":{\"@id\":\"https:\/\/drfuturo.com\/#\/schema\/logo\/image\/\"}},{\"@type\":\"Person\",\"@id\":\"https:\/\/drfuturo.com\/#\/schema\/person\/68ec9ebf648d1fe001c9be39052246c9\",\"name\":\"cristiobaldissera\",\"image\":{\"@type\":\"ImageObject\",\"inLanguage\":\"pt-BR\",\"@id\":\"https:\/\/drfuturo.com\/#\/schema\/person\/image\/\",\"url\":\"https:\/\/secure.gravatar.com\/avatar\/c721fec0ecf47c71cbefd1f5acb5b61b?s=96&d=mm&r=g\",\"contentUrl\":\"https:\/\/secure.gravatar.com\/avatar\/c721fec0ecf47c71cbefd1f5acb5b61b?s=96&d=mm&r=g\",\"caption\":\"cristiobaldissera\"},\"url\":\"https:\/\/drfuturo.com\/pt\/author\/cristiobaldissera\/\"}]}<\/script>\n<!-- \/ Yoast SEO plugin. -->","yoast_head_json":{"title":"Vaga Coordenador de Loja Burger King: sal\u00e1rio a combinar, efetivo, presencial - DrFuturo","robots":{"index":"index","follow":"follow","max-snippet":"max-snippet:-1","max-image-preview":"max-image-preview:large","max-video-preview":"max-video-preview:-1"},"canonical":"https:\/\/drfuturo.com\/pt\/0eefcd5b-6d5c-4a18-9c91-1c8be4228644\/","og_locale":"pt_BR","og_type":"article","og_title":"Vaga Coordenador de Loja Burger King: sal\u00e1rio a combinar, efetivo, presencial - DrFuturo","og_description":"Avalie se a vaga Coordenador de Loja Burger King se encaixa no seu perfil profissional. Sal\u00e1rio a combinar, efetivo, oportunidades de crescimento e lideran\u00e7a.","og_url":"https:\/\/drfuturo.com\/pt\/0eefcd5b-6d5c-4a18-9c91-1c8be4228644\/","og_site_name":"DrFuturo","article_published_time":"2026-05-01T20:34:00+00:00","article_modified_time":"2026-05-01T20:34:13+00:00","author":"cristiobaldissera","twitter_card":"summary_large_image","twitter_misc":{"Written by":"cristiobaldissera","Est. reading time":"3 minutos"},"schema":{"@context":"https:\/\/schema.org","@graph":[{"@type":"Article","@id":"https:\/\/drfuturo.com\/0eefcd5b-6d5c-4a18-9c91-1c8be4228644\/#article","isPartOf":{"@id":"https:\/\/drfuturo.com\/0eefcd5b-6d5c-4a18-9c91-1c8be4228644\/"},"author":{"name":"cristiobaldissera","@id":"https:\/\/drfuturo.com\/#\/schema\/person\/68ec9ebf648d1fe001c9be39052246c9"},"headline":"Vaga Coordenador de Loja Burger King: sal\u00e1rio a combinar, efetivo, presencial","datePublished":"2026-05-01T20:34:00+00:00","dateModified":"2026-05-01T20:34:13+00:00","mainEntityOfPage":{"@id":"https:\/\/drfuturo.com\/0eefcd5b-6d5c-4a18-9c91-1c8be4228644\/"},"wordCount":558,"commentCount":0,"publisher":{"@id":"https:\/\/drfuturo.com\/#organization"},"articleSection":["Hidden"],"inLanguage":"pt-BR","potentialAction":[{"@type":"CommentAction","name":"Comment","target":["https:\/\/drfuturo.com\/0eefcd5b-6d5c-4a18-9c91-1c8be4228644\/#respond"]}]},{"@type":"WebPage","@id":"https:\/\/drfuturo.com\/0eefcd5b-6d5c-4a18-9c91-1c8be4228644\/","url":"https:\/\/drfuturo.com\/0eefcd5b-6d5c-4a18-9c91-1c8be4228644\/","name":"Vaga Coordenador de Loja Burger King: sal\u00e1rio a combinar, efetivo, presencial - DrFuturo","isPartOf":{"@id":"https:\/\/drfuturo.com\/#website"},"datePublished":"2026-05-01T20:34:00+00:00","dateModified":"2026-05-01T20:34:13+00:00","breadcrumb":{"@id":"https:\/\/drfuturo.com\/0eefcd5b-6d5c-4a18-9c91-1c8be4228644\/#breadcrumb"},"inLanguage":"pt-BR","potentialAction":[{"@type":"ReadAction","target":["https:\/\/drfuturo.com\/0eefcd5b-6d5c-4a18-9c91-1c8be4228644\/"]}]},{"@type":"BreadcrumbList","@id":"https:\/\/drfuturo.com\/0eefcd5b-6d5c-4a18-9c91-1c8be4228644\/#breadcrumb","itemListElement":[{"@type":"ListItem","position":1,"name":"Home","item":"https:\/\/drfuturo.com\/"},{"@type":"ListItem","position":2,"name":"Vaga Coordenador de Loja Burger King: sal\u00e1rio a combinar, efetivo, presencial"}]},{"@type":"WebSite","@id":"https:\/\/drfuturo.com\/#website","url":"https:\/\/drfuturo.com\/","name":"DrFuturo","description":"","publisher":{"@id":"https:\/\/drfuturo.com\/#organization"},"potentialAction":[{"@type":"SearchAction","target":{"@type":"EntryPoint","urlTemplate":"https:\/\/drfuturo.com\/?s={search_term_string}"},"query-input":"required name=search_term_string"}],"inLanguage":"pt-BR"},{"@type":"Organization","@id":"https:\/\/drfuturo.com\/#organization","name":"DrFuturo","url":"https:\/\/drfuturo.com\/","logo":{"@type":"ImageObject","inLanguage":"pt-BR","@id":"https:\/\/drfuturo.com\/#\/schema\/logo\/image\/","url":"https:\/\/drfuturo.com\/wp-content\/uploads\/sites\/397\/2025\/07\/Logodr-.svg","contentUrl":"https:\/\/drfuturo.com\/wp-content\/uploads\/sites\/397\/2025\/07\/Logodr-.svg","caption":"DrFuturo"},"image":{"@id":"https:\/\/drfuturo.com\/#\/schema\/logo\/image\/"}},{"@type":"Person","@id":"https:\/\/drfuturo.com\/#\/schema\/person\/68ec9ebf648d1fe001c9be39052246c9","name":"cristiobaldissera","image":{"@type":"ImageObject","inLanguage":"pt-BR","@id":"https:\/\/drfuturo.com\/#\/schema\/person\/image\/","url":"https:\/\/secure.gravatar.com\/avatar\/c721fec0ecf47c71cbefd1f5acb5b61b?s=96&d=mm&r=g","contentUrl":"https:\/\/secure.gravatar.com\/avatar\/c721fec0ecf47c71cbefd1f5acb5b61b?s=96&d=mm&r=g","caption":"cristiobaldissera"},"url":"https:\/\/drfuturo.com\/pt\/author\/cristiobaldissera\/"}]}},"uagb_featured_image_src":{"full":false,"thumbnail":false,"medium":false,"medium_large":false,"large":false,"1536x1536":false,"2048x2048":false,"trp-custom-language-flag":false},"uagb_author_info":{"display_name":"cristiobaldissera","author_link":"https:\/\/drfuturo.com\/pt\/author\/cristiobaldissera\/"},"uagb_comment_info":0,"uagb_excerpt":"Avalie se a vaga Coordenador de Loja Burger King se encaixa no seu perfil profissional. Sal\u00e1rio a combinar, efetivo, oportunidades de crescimento e lideran\u00e7a.","_links":{"self":[{"href":"https:\/\/drfuturo.com\/pt\/wp-json\/wp\/v2\/posts\/36300"}],"collection":[{"href":"https:\/\/drfuturo.com\/pt\/wp-json\/wp\/v2\/posts"}],"about":[{"href":"https:\/\/drfuturo.com\/pt\/wp-json\/wp\/v2\/types\/post"}],"author":[{"embeddable":true,"href":"https:\/\/drfuturo.com\/pt\/wp-json\/wp\/v2\/users\/255"}],"replies":[{"embeddable":true,"href":"https:\/\/drfuturo.com\/pt\/wp-json\/wp\/v2\/comments?post=36300"}],"version-history":[{"count":1,"href":"https:\/\/drfuturo.com\/pt\/wp-json\/wp\/v2\/posts\/36300\/revisions"}],"predecessor-version":[{"id":36317,"href":"https:\/\/drfuturo.com\/pt\/wp-json\/wp\/v2\/posts\/36300\/revisions\/36317"}],"wp:attachment":[{"href":"https:\/\/drfuturo.com\/pt\/wp-json\/wp\/v2\/media?parent=36300"}],"wp:term":[{"taxonomy":"category","embeddable":true,"href":"https:\/\/drfuturo.com\/pt\/wp-json\/wp\/v2\/categories?post=36300"},{"taxonomy":"post_tag","embeddable":true,"href":"https:\/\/drfuturo.com\/pt\/wp-json\/wp\/v2\/tags?post=36300"}],"curies":[{"name":"wp","href":"https:\/\/api.w.org\/{rel}","templated":true}]}}